{"id":4752,"date":"2023-03-13T11:28:34","date_gmt":"2023-03-13T11:28:34","guid":{"rendered":"https:\/\/tobeit.es\/?p=4752"},"modified":"2023-03-13T11:28:34","modified_gmt":"2023-03-13T11:28:34","slug":"video-resumen-evento-la-monitorizacion-la-observabilidad-barcelona-2023","status":"publish","type":"post","link":"https:\/\/tobeit.es\/ca\/video-resumen-evento-de-la-monitorizacion-a-la-observabilidad-barcelona-2023\/","title":{"rendered":"Video Resumen Evento De la Monitorizaci\u00f3n a la Observabilidad &#8211; Barcelona 2023"},"content":{"rendered":"<p class=\"qtranxs-available-languages-message qtranxs-available-languages-message-ca\">Ho sentim, aquesta entrada es troba disponible \u00fanicament en <a href=\"https:\/\/tobeit.es\/es\/wp-json\/wp\/v2\/posts\/4752\" class=\"qtranxs-available-language-link qtranxs-available-language-link-es\" title=\"Espa\u00f1ol\">Espa\u00f1ol<\/a>. For the sake of viewer convenience, the content is shown below in the alternative language. You may click the link to switch the active language.<\/p><p>El pasado <strong>16 de febrero<\/strong> celebramos el evento De la Monitorizaci\u00f3n a la Observabilidad con <strong>Elastic<\/strong> en la F\u00e1brica Moritz de Barcelona, una jornada inspiradora en la que expertos del sector contaron de primera mano diferentes casos de \u00e9xito y nos adelantaron las posibilidades que va a traer consigo la Observabilidad dentro del mundo IT.<\/p>\n<p style=\"text-align: center;\"><iframe loading=\"lazy\" title=\"YouTube video player\" src=\"https:\/\/www.youtube.com\/embed\/k6jwqX7yIzc\" width=\"760\" height=\"515\" frameborder=\"0\" allowfullscreen=\"allowfullscreen\"><\/iframe><\/p>\n<p><\/p>","protected":false},"excerpt":{"rendered":"<p>Ho sentim, aquesta entrada es troba disponible \u00fanicament en Espa\u00f1ol. For the sake of viewer convenience, the content is shown below in the alternative language. You may click the link to switch the active language.El pasado 16 de febrero celebramos el evento De la Monitorizaci\u00f3n a la Observabilidad con Elastic en la F\u00e1brica Moritz de [&hellip;]<\/p>\n","protected":false},"author":1,"featured_media":4759,"comment_status":"closed","ping_status":"closed","sticky":false,"template":"","format":"standard","meta":{"footnotes":""},"categories":[1],"tags":[],"class_list":["post-4752","post","type-post","status-publish","format-standard","has-post-thumbnail","hentry","category-sin-categoria"],"yoast_head":"<!-- This site is optimized with the Yoast SEO plugin v25.1 - https:\/\/yoast.com\/wordpress\/plugins\/seo\/ -->\n<title>Video Resumen Evento De la Monitorizaci\u00f3n a la Observabilidad - Barcelona 2023 - ToBeIT<\/title>\n<meta name=\"robots\" content=\"index, follow, max-snippet:-1, max-image-preview:large, max-video-preview:-1\" \/>\n<link rel=\"canonical\" href=\"https:\/\/tobeit.es\/video-resumen-evento-de-la-monitorizacion-a-la-observabilidad-barcelona-2023\/\" \/>\n<meta property=\"og:locale\" content=\"ca_ES\" \/>\n<meta property=\"og:type\" content=\"article\" \/>\n<meta property=\"og:title\" content=\"Video Resumen Evento De la Monitorizaci\u00f3n a la Observabilidad - Barcelona 2023 - ToBeIT\" \/>\n<meta property=\"og:description\" content=\"Ho sentim, aquesta entrada es troba disponible \u00fanicament en Espa\u00f1ol. For the sake of viewer convenience, the content is shown below in the alternative language. You may click the link to switch the active language.El pasado 16 de febrero celebramos el evento De la Monitorizaci\u00f3n a la Observabilidad con Elastic en la F\u00e1brica Moritz de [&hellip;]\" \/>\n<meta property=\"og:url\" content=\"https:\/\/tobeit.es\/video-resumen-evento-de-la-monitorizacion-a-la-observabilidad-barcelona-2023\/\" \/>\n<meta property=\"og:site_name\" content=\"ToBeIT\" \/>\n<meta property=\"article:publisher\" content=\"https:\/\/www.facebook.com\/grupotobeit\" \/>\n<meta property=\"article:published_time\" content=\"2023-03-13T11:28:34+00:00\" \/>\n<meta property=\"og:image\" content=\"https:\/\/tobeit.es\/wp-content\/uploads\/2023\/03\/Portada-blog_evento_BCN.jpg\" \/>\n\t<meta property=\"og:image:width\" content=\"350\" \/>\n\t<meta property=\"og:image:height\" content=\"307\" \/>\n\t<meta property=\"og:image:type\" content=\"image\/jpeg\" \/>\n<meta name=\"author\" content=\"dmtobeit\" \/>\n<meta name=\"twitter:card\" content=\"summary_large_image\" \/>\n<meta name=\"twitter:label1\" content=\"Escrit per\" \/>\n\t<meta name=\"twitter:data1\" content=\"dmtobeit\" \/>\n<script type=\"application\/ld+json\" class=\"yoast-schema-graph\">{\"@context\":\"https:\/\/schema.org\",\"@graph\":[{\"@type\":\"WebPage\",\"@id\":\"https:\/\/tobeit.es\/video-resumen-evento-de-la-monitorizacion-a-la-observabilidad-barcelona-2023\/\",\"url\":\"https:\/\/tobeit.es\/video-resumen-evento-de-la-monitorizacion-a-la-observabilidad-barcelona-2023\/\",\"name\":\"Video Resumen Evento De la Monitorizaci\u00f3n a la Observabilidad - Barcelona 2023 - ToBeIT\",\"isPartOf\":{\"@id\":\"https:\/\/tobeit.es\/#website\"},\"primaryImageOfPage\":{\"@id\":\"https:\/\/tobeit.es\/video-resumen-evento-de-la-monitorizacion-a-la-observabilidad-barcelona-2023\/#primaryimage\"},\"image\":{\"@id\":\"https:\/\/tobeit.es\/video-resumen-evento-de-la-monitorizacion-a-la-observabilidad-barcelona-2023\/#primaryimage\"},\"thumbnailUrl\":\"https:\/\/tobeit.es\/wp-content\/uploads\/2023\/03\/Portada-blog_evento_BCN.jpg\",\"datePublished\":\"2023-03-13T11:28:34+00:00\",\"author\":{\"@id\":\"https:\/\/tobeit.es\/#\/schema\/person\/ebe67ff529f28099ba368a41fc51a11e\"},\"breadcrumb\":{\"@id\":\"https:\/\/tobeit.es\/video-resumen-evento-de-la-monitorizacion-a-la-observabilidad-barcelona-2023\/#breadcrumb\"},\"inLanguage\":\"ca\",\"potentialAction\":[{\"@type\":\"ReadAction\",\"target\":[\"https:\/\/tobeit.es\/video-resumen-evento-de-la-monitorizacion-a-la-observabilidad-barcelona-2023\/\"]}]},{\"@type\":\"ImageObject\",\"inLanguage\":\"ca\",\"@id\":\"https:\/\/tobeit.es\/video-resumen-evento-de-la-monitorizacion-a-la-observabilidad-barcelona-2023\/#primaryimage\",\"url\":\"https:\/\/tobeit.es\/wp-content\/uploads\/2023\/03\/Portada-blog_evento_BCN.jpg\",\"contentUrl\":\"https:\/\/tobeit.es\/wp-content\/uploads\/2023\/03\/Portada-blog_evento_BCN.jpg\",\"width\":350,\"height\":307},{\"@type\":\"BreadcrumbList\",\"@id\":\"https:\/\/tobeit.es\/video-resumen-evento-de-la-monitorizacion-a-la-observabilidad-barcelona-2023\/#breadcrumb\",\"itemListElement\":[{\"@type\":\"ListItem\",\"position\":1,\"name\":\"Portada\",\"item\":\"https:\/\/tobeit.es\/\"},{\"@type\":\"ListItem\",\"position\":2,\"name\":\"Video Resumen Evento De la Monitorizaci\u00f3n a la Observabilidad &#8211; Barcelona 2023\"}]},{\"@type\":\"WebSite\",\"@id\":\"https:\/\/tobeit.es\/#website\",\"url\":\"https:\/\/tobeit.es\/\",\"name\":\"ToBeIT\",\"description\":\"Solucions, serveis i seguretat IT\",\"potentialAction\":[{\"@type\":\"SearchAction\",\"target\":{\"@type\":\"EntryPoint\",\"urlTemplate\":\"https:\/\/tobeit.es\/?s={search_term_string}\"},\"query-input\":{\"@type\":\"PropertyValueSpecification\",\"valueRequired\":true,\"valueName\":\"search_term_string\"}}],\"inLanguage\":\"ca\"},{\"@type\":\"Person\",\"@id\":\"https:\/\/tobeit.es\/#\/schema\/person\/ebe67ff529f28099ba368a41fc51a11e\",\"name\":\"dmtobeit\",\"image\":{\"@type\":\"ImageObject\",\"inLanguage\":\"ca\",\"@id\":\"https:\/\/tobeit.es\/#\/schema\/person\/image\/\",\"url\":\"https:\/\/secure.gravatar.com\/avatar\/8816b27e6a612705997d3f3b3903e8604f7d0b635ed817bda58eb1fc2ca747dd?s=96&d=mm&r=g\",\"contentUrl\":\"https:\/\/secure.gravatar.com\/avatar\/8816b27e6a612705997d3f3b3903e8604f7d0b635ed817bda58eb1fc2ca747dd?s=96&d=mm&r=g\",\"caption\":\"dmtobeit\"},\"url\":\"https:\/\/tobeit.es\/ca\/author\/dmtobeit\/\"}]}<\/script>\n<!-- \/ Yoast SEO plugin. -->","yoast_head_json":{"title":"Video Resumen Evento De la Monitorizaci\u00f3n a la Observabilidad - Barcelona 2023 - ToBeIT","robots":{"index":"index","follow":"follow","max-snippet":"max-snippet:-1","max-image-preview":"max-image-preview:large","max-video-preview":"max-video-preview:-1"},"canonical":"https:\/\/tobeit.es\/video-resumen-evento-de-la-monitorizacion-a-la-observabilidad-barcelona-2023\/","og_locale":"ca_ES","og_type":"article","og_title":"Video Resumen Evento De la Monitorizaci\u00f3n a la Observabilidad - Barcelona 2023 - ToBeIT","og_description":"Ho sentim, aquesta entrada es troba disponible \u00fanicament en Espa\u00f1ol. For the sake of viewer convenience, the content is shown below in the alternative language. You may click the link to switch the active language.El pasado 16 de febrero celebramos el evento De la Monitorizaci\u00f3n a la Observabilidad con Elastic en la F\u00e1brica Moritz de [&hellip;]","og_url":"https:\/\/tobeit.es\/video-resumen-evento-de-la-monitorizacion-a-la-observabilidad-barcelona-2023\/","og_site_name":"ToBeIT","article_publisher":"https:\/\/www.facebook.com\/grupotobeit","article_published_time":"2023-03-13T11:28:34+00:00","og_image":[{"width":350,"height":307,"url":"https:\/\/tobeit.es\/wp-content\/uploads\/2023\/03\/Portada-blog_evento_BCN.jpg","type":"image\/jpeg"}],"author":"dmtobeit","twitter_card":"summary_large_image","twitter_misc":{"Escrit per":"dmtobeit"},"schema":{"@context":"https:\/\/schema.org","@graph":[{"@type":"WebPage","@id":"https:\/\/tobeit.es\/video-resumen-evento-de-la-monitorizacion-a-la-observabilidad-barcelona-2023\/","url":"https:\/\/tobeit.es\/video-resumen-evento-de-la-monitorizacion-a-la-observabilidad-barcelona-2023\/","name":"Video Resumen Evento De la Monitorizaci\u00f3n a la Observabilidad - Barcelona 2023 - ToBeIT","isPartOf":{"@id":"https:\/\/tobeit.es\/#website"},"primaryImageOfPage":{"@id":"https:\/\/tobeit.es\/video-resumen-evento-de-la-monitorizacion-a-la-observabilidad-barcelona-2023\/#primaryimage"},"image":{"@id":"https:\/\/tobeit.es\/video-resumen-evento-de-la-monitorizacion-a-la-observabilidad-barcelona-2023\/#primaryimage"},"thumbnailUrl":"https:\/\/tobeit.es\/wp-content\/uploads\/2023\/03\/Portada-blog_evento_BCN.jpg","datePublished":"2023-03-13T11:28:34+00:00","author":{"@id":"https:\/\/tobeit.es\/#\/schema\/person\/ebe67ff529f28099ba368a41fc51a11e"},"breadcrumb":{"@id":"https:\/\/tobeit.es\/video-resumen-evento-de-la-monitorizacion-a-la-observabilidad-barcelona-2023\/#breadcrumb"},"inLanguage":"ca","potentialAction":[{"@type":"ReadAction","target":["https:\/\/tobeit.es\/video-resumen-evento-de-la-monitorizacion-a-la-observabilidad-barcelona-2023\/"]}]},{"@type":"ImageObject","inLanguage":"ca","@id":"https:\/\/tobeit.es\/video-resumen-evento-de-la-monitorizacion-a-la-observabilidad-barcelona-2023\/#primaryimage","url":"https:\/\/tobeit.es\/wp-content\/uploads\/2023\/03\/Portada-blog_evento_BCN.jpg","contentUrl":"https:\/\/tobeit.es\/wp-content\/uploads\/2023\/03\/Portada-blog_evento_BCN.jpg","width":350,"height":307},{"@type":"BreadcrumbList","@id":"https:\/\/tobeit.es\/video-resumen-evento-de-la-monitorizacion-a-la-observabilidad-barcelona-2023\/#breadcrumb","itemListElement":[{"@type":"ListItem","position":1,"name":"Portada","item":"https:\/\/tobeit.es\/"},{"@type":"ListItem","position":2,"name":"Video Resumen Evento De la Monitorizaci\u00f3n a la Observabilidad &#8211; Barcelona 2023"}]},{"@type":"WebSite","@id":"https:\/\/tobeit.es\/#website","url":"https:\/\/tobeit.es\/","name":"ToBeIT","description":"Solucions, serveis i seguretat IT","potentialAction":[{"@type":"SearchAction","target":{"@type":"EntryPoint","urlTemplate":"https:\/\/tobeit.es\/?s={search_term_string}"},"query-input":{"@type":"PropertyValueSpecification","valueRequired":true,"valueName":"search_term_string"}}],"inLanguage":"ca"},{"@type":"Person","@id":"https:\/\/tobeit.es\/#\/schema\/person\/ebe67ff529f28099ba368a41fc51a11e","name":"dmtobeit","image":{"@type":"ImageObject","inLanguage":"ca","@id":"https:\/\/tobeit.es\/#\/schema\/person\/image\/","url":"https:\/\/secure.gravatar.com\/avatar\/8816b27e6a612705997d3f3b3903e8604f7d0b635ed817bda58eb1fc2ca747dd?s=96&d=mm&r=g","contentUrl":"https:\/\/secure.gravatar.com\/avatar\/8816b27e6a612705997d3f3b3903e8604f7d0b635ed817bda58eb1fc2ca747dd?s=96&d=mm&r=g","caption":"dmtobeit"},"url":"https:\/\/tobeit.es\/ca\/author\/dmtobeit\/"}]}},"_links":{"self":[{"href":"https:\/\/tobeit.es\/ca\/wp-json\/wp\/v2\/posts\/4752","targetHints":{"allow":["GET"]}}],"collection":[{"href":"https:\/\/tobeit.es\/ca\/wp-json\/wp\/v2\/posts"}],"about":[{"href":"https:\/\/tobeit.es\/ca\/wp-json\/wp\/v2\/types\/post"}],"author":[{"embeddable":true,"href":"https:\/\/tobeit.es\/ca\/wp-json\/wp\/v2\/users\/1"}],"replies":[{"embeddable":true,"href":"https:\/\/tobeit.es\/ca\/wp-json\/wp\/v2\/comments?post=4752"}],"version-history":[{"count":5,"href":"https:\/\/tobeit.es\/ca\/wp-json\/wp\/v2\/posts\/4752\/revisions"}],"predecessor-version":[{"id":4757,"href":"https:\/\/tobeit.es\/ca\/wp-json\/wp\/v2\/posts\/4752\/revisions\/4757"}],"wp:featuredmedia":[{"embeddable":true,"href":"https:\/\/tobeit.es\/ca\/wp-json\/wp\/v2\/media\/4759"}],"wp:attachment":[{"href":"https:\/\/tobeit.es\/ca\/wp-json\/wp\/v2\/media?parent=4752"}],"wp:term":[{"taxonomy":"category","embeddable":true,"href":"https:\/\/tobeit.es\/ca\/wp-json\/wp\/v2\/categories?post=4752"},{"taxonomy":"post_tag","embeddable":true,"href":"https:\/\/tobeit.es\/ca\/wp-json\/wp\/v2\/tags?post=4752"}],"curies":[{"name":"wp","href":"https:\/\/api.w.org\/{rel}","templated":true}]}}