{"id":7150,"date":"2025-05-12T11:07:28","date_gmt":"2025-05-12T11:07:28","guid":{"rendered":"https:\/\/tobeit.es\/?p=7150"},"modified":"2025-05-07T10:42:41","modified_gmt":"2025-05-07T10:42:41","slug":"unifica-logs-metricas-y-trazas-con-elastic-observabilidad-completa-desde-una-unica-plataforma","status":"publish","type":"post","link":"https:\/\/tobeit.es\/ca\/unifica-logs-metrics-i-traces-amb-elastic-observabilitat-completa-des-duna-unica-platforma\/","title":{"rendered":"Unifica logs, m\u00e8triques i traces amb Elastic: observabilitat completa des d\u2019una \u00fanica plataforma"},"content":{"rendered":"<p>La gesti\u00f3 dels sistemes IT moderns exigeix molt m\u00e9s que una monitoritzaci\u00f3 tradicional. Les arquitectures h\u00edbrides, els entorns distribu\u00efts i els desplegaments multicloud requereixen una visibilitat total i en temps real. En aquest context, <strong>Elastic<\/strong> es posiciona com una soluci\u00f3 d\u2019observabilitat avan\u00e7ada que permet unificar <em>logs<\/em>, m\u00e8triques i traces en una sola plataforma.<\/p>\n<p>&nbsp;<\/p>\n<p><img loading=\"lazy\" decoding=\"async\" class=\"alignnone size-full wp-image-7154\" src=\"https:\/\/tobeit.es\/wp-content\/uploads\/2025\/05\/elastic_observabilidad_latam_tobeit_S.jpg\" alt=\"\" width=\"980\" height=\"320\" srcset=\"https:\/\/tobeit.es\/wp-content\/uploads\/2025\/05\/elastic_observabilidad_latam_tobeit_S.jpg 980w, https:\/\/tobeit.es\/wp-content\/uploads\/2025\/05\/elastic_observabilidad_latam_tobeit_S-300x98.jpg 300w, https:\/\/tobeit.es\/wp-content\/uploads\/2025\/05\/elastic_observabilidad_latam_tobeit_S-768x251.jpg 768w\" sizes=\"auto, (max-width: 980px) 100vw, 980px\" \/><\/p>\n<p>&nbsp;<\/p>\n<h2><\/h2>\n<h2><strong>Elastic com a motor d\u2019observabilitat empresarial<\/strong><\/h2>\n<p>Amb la implementaci\u00f3 d\u2019<a href=\"https:\/\/tobeit.es\/en\/elasticsearch\/\"><strong>Elastic Observability<\/strong><\/a>, les empreses poden visualitzar i analitzar el comportament complet de la seva infraestructura, des de serveis locals fins a entorns al n\u00favol. Aquesta capacitat de centralitzaci\u00f3 \u00e9s clau per reduir el <strong>MTTR<\/strong>, identificar punts de fallada, millorar el rendiment i anticipar incid\u00e8ncies cr\u00edtiques.<\/p>\n<p>Des de <strong>ToBeIT<\/strong>, implantem solucions personalitzades basades en Elastic Observability per a organitzacions que necessiten escalar la seva supervisi\u00f3 IT sense perdre agilitat.<\/p>\n<h2><strong>\u00a0<\/strong><\/h2>\n<h2><strong>Correlaci\u00f3 intel\u00b7ligent de <em>logs<\/em>, m\u00e8triques i traces<\/strong><\/h2>\n<p>Elastic no nom\u00e9s permet recopilar grans volums de dades t\u00e8cniques, sin\u00f3 que tamb\u00e9 ofereix potents eines per correlacionar-les en temps real. Els <em>logs<\/em> d&#8217;aplicacions, les m\u00e8triques d&#8217;\u00fas de recursos i les traces distribu\u00efdes s\u2019analitzen conjuntament, cosa que permet una visibilitat transversal i profunda dels sistemes.<\/p>\n<p>Aquesta funcionalitat \u00e9s especialment \u00fatil per detectar colls d\u2019ampolla, analitzar errors complexos i entendre patrons de comportament en entorns amb m\u00faltiples components. Amb <a href=\"https:\/\/tobeit.es\/en\/elasticsearch\/\"><strong>Elastic Observability<\/strong><\/a>, aquestes capacitats s&#8217;integren en <em>dashboards<\/em> personalitzables i alertes automatitzades adaptades a cada equip t\u00e8cnic.<\/p>\n<p><strong>\u00a0<\/strong><\/p>\n<h2><strong>Detecci\u00f3 proactiva d\u2019anomalies<\/strong><\/h2>\n<p>Un dels grans diferencials d\u2019Elastic \u00e9s la seva capacitat d\u2019aplicar <strong>aprenentatge autom\u00e0tic (machine learning)<\/strong> sobre les dades recopilades. Aix\u00f2 permet identificar comportaments an\u00f2mals sense necessitat de definir llindars manuals, un aspecte essencial en entorns que evolucionen constantment.<\/p>\n<p>A m\u00e9s, Elastic permet llan\u00e7ar alertes intel\u00b7ligents i proactives, anticipant degradacions abans que es converteixin en una caiguda del servei. Des de <strong>ToBeIT<\/strong>, configurem aquestes alertes i formem els equips interns perqu\u00e8 treguin el m\u00e0xim rendiment de la plataforma.<\/p>\n<p><strong>\u00a0<\/strong><\/p>\n<h2><strong>Escalabilitat i visibilitat global<\/strong><\/h2>\n<p>L&#8217;arquitectura d\u2019Elastic est\u00e0 dissenyada per cr\u00e9ixer al ritme de la infraestructura. Tant si l\u2019organitzaci\u00f3 treballa amb serveis locals, al n\u00favol o en un model h\u00edbrid, <a href=\"https:\/\/tobeit.es\/en\/elasticsearch\/\"><strong>Elastic Observability<\/strong><\/a> permet consolidar tota la informaci\u00f3 operativa en un \u00fanic punt d\u2019an\u00e0lisi. Aquesta escalabilitat fa que sigui l\u2019elecci\u00f3 ideal per a organitzacions amb m\u00faltiples seus, aplicacions cr\u00edtiques o entorns altament din\u00e0mics com DevOps i microserveis.<\/p>\n<p><strong>\u00a0<\/strong><\/p>\n<h2><strong>Com t\u2019acompanya ToBeIT?<\/strong><\/h2>\n<p>A <strong>ToBeIT<\/strong> dissenyem i implementem solucions d\u2019observabilitat basades en Elastic, adaptades als objectius de negoci i a l\u2019estructura t\u00e8cnica de cada empresa. Des de la definici\u00f3 de fonts de dades fins a la creaci\u00f3 de visualitzacions i la integraci\u00f3 amb eines externes, el nostre equip ofereix un enfocament complet i escalable.<\/p>\n<p>Si vols implementar un sistema d\u2019observabilitat modern, centralitzat i alineat amb les necessitats de la teva infraestructura, descobreix com podem ajudar-te a trav\u00e9s de la nostra p\u00e0gina de solucions Elastic.<\/p>\n<p>&nbsp;<\/p>","protected":false},"excerpt":{"rendered":"<p>La gesti\u00f3 dels sistemes IT moderns exigeix molt m\u00e9s que una monitoritzaci\u00f3 tradicional. Les arquitectures h\u00edbrides, els entorns distribu\u00efts i els desplegaments multicloud requereixen una visibilitat total i en temps real. En aquest context, Elastic es posiciona com una soluci\u00f3 d\u2019observabilitat avan\u00e7ada que permet unificar logs, m\u00e8triques i traces en una sola plataforma. &nbsp; &nbsp; [&hellip;]<\/p>\n","protected":false},"author":1,"featured_media":7153,"comment_status":"closed","ping_status":"closed","sticky":false,"template":"","format":"standard","meta":{"footnotes":""},"categories":[1],"tags":[],"class_list":["post-7150","post","type-post","status-publish","format-standard","has-post-thumbnail","hentry","category-sin-categoria"],"yoast_head":"<!-- This site is optimized with the Yoast SEO plugin v25.1 - https:\/\/yoast.com\/wordpress\/plugins\/seo\/ -->\n<title>Unifica logs, m\u00e8triques i traces amb Elastic: observabilitat completa des d\u2019una \u00fanica plataforma - ToBeIT<\/title>\n<meta name=\"robots\" content=\"index, follow, max-snippet:-1, max-image-preview:large, max-video-preview:-1\" \/>\n<link rel=\"canonical\" href=\"https:\/\/tobeit.es\/ca\/unifica-logs-metrics-i-traces-amb-elastic-observabilitat-completa-des-duna-unica-platforma\/\" \/>\n<meta property=\"og:locale\" content=\"ca_ES\" \/>\n<meta property=\"og:type\" content=\"article\" \/>\n<meta property=\"og:title\" content=\"Unifica logs, m\u00e8triques i traces amb Elastic: observabilitat completa des d\u2019una \u00fanica plataforma - ToBeIT\" \/>\n<meta property=\"og:description\" content=\"La gesti\u00f3 dels sistemes IT moderns exigeix molt m\u00e9s que una monitoritzaci\u00f3 tradicional. Les arquitectures h\u00edbrides, els entorns distribu\u00efts i els desplegaments multicloud requereixen una visibilitat total i en temps real. En aquest context, Elastic es posiciona com una soluci\u00f3 d\u2019observabilitat avan\u00e7ada que permet unificar logs, m\u00e8triques i traces en una sola plataforma. &nbsp; &nbsp; [&hellip;]\" \/>\n<meta property=\"og:url\" content=\"https:\/\/tobeit.es\/ca\/unifica-logs-metrics-i-traces-amb-elastic-observabilitat-completa-des-duna-unica-platforma\/\" \/>\n<meta property=\"og:site_name\" content=\"ToBeIT\" \/>\n<meta property=\"article:publisher\" content=\"https:\/\/www.facebook.com\/grupotobeit\" \/>\n<meta property=\"article:published_time\" content=\"2025-05-12T11:07:28+00:00\" \/>\n<meta property=\"og:image\" content=\"https:\/\/tobeit.es\/wp-content\/uploads\/2025\/05\/elastic_observabilidad_latam_tobeit_L.jpg\" \/>\n\t<meta property=\"og:image:width\" content=\"350\" \/>\n\t<meta property=\"og:image:height\" content=\"307\" \/>\n\t<meta property=\"og:image:type\" content=\"image\/jpeg\" \/>\n<meta name=\"author\" content=\"dmtobeit\" \/>\n<meta name=\"twitter:card\" content=\"summary_large_image\" \/>\n<meta name=\"twitter:label1\" content=\"Escrit per\" \/>\n\t<meta name=\"twitter:data1\" content=\"dmtobeit\" \/>\n\t<meta name=\"twitter:label2\" content=\"Temps estimat de lectura\" \/>\n\t<meta name=\"twitter:data2\" content=\"7 minuts\" \/>\n<script type=\"application\/ld+json\" class=\"yoast-schema-graph\">{\"@context\":\"https:\/\/schema.org\",\"@graph\":[{\"@type\":\"WebPage\",\"@id\":\"https:\/\/tobeit.es\/ca\/unifica-logs-metrics-i-traces-amb-elastic-observabilitat-completa-des-duna-unica-platforma\/\",\"url\":\"https:\/\/tobeit.es\/ca\/unifica-logs-metrics-i-traces-amb-elastic-observabilitat-completa-des-duna-unica-platforma\/\",\"name\":\"Unifica logs, m\u00e8triques i traces amb Elastic: observabilitat completa des d\u2019una \u00fanica plataforma - ToBeIT\",\"isPartOf\":{\"@id\":\"https:\/\/tobeit.es\/#website\"},\"primaryImageOfPage\":{\"@id\":\"https:\/\/tobeit.es\/ca\/unifica-logs-metrics-i-traces-amb-elastic-observabilitat-completa-des-duna-unica-platforma\/#primaryimage\"},\"image\":{\"@id\":\"https:\/\/tobeit.es\/ca\/unifica-logs-metrics-i-traces-amb-elastic-observabilitat-completa-des-duna-unica-platforma\/#primaryimage\"},\"thumbnailUrl\":\"https:\/\/tobeit.es\/wp-content\/uploads\/2025\/05\/elastic_observabilidad_latam_tobeit_L.jpg\",\"datePublished\":\"2025-05-12T11:07:28+00:00\",\"author\":{\"@id\":\"https:\/\/tobeit.es\/#\/schema\/person\/ebe67ff529f28099ba368a41fc51a11e\"},\"breadcrumb\":{\"@id\":\"https:\/\/tobeit.es\/ca\/unifica-logs-metrics-i-traces-amb-elastic-observabilitat-completa-des-duna-unica-platforma\/#breadcrumb\"},\"inLanguage\":\"ca\",\"potentialAction\":[{\"@type\":\"ReadAction\",\"target\":[\"https:\/\/tobeit.es\/ca\/unifica-logs-metrics-i-traces-amb-elastic-observabilitat-completa-des-duna-unica-platforma\/\"]}]},{\"@type\":\"ImageObject\",\"inLanguage\":\"ca\",\"@id\":\"https:\/\/tobeit.es\/ca\/unifica-logs-metrics-i-traces-amb-elastic-observabilitat-completa-des-duna-unica-platforma\/#primaryimage\",\"url\":\"https:\/\/tobeit.es\/wp-content\/uploads\/2025\/05\/elastic_observabilidad_latam_tobeit_L.jpg\",\"contentUrl\":\"https:\/\/tobeit.es\/wp-content\/uploads\/2025\/05\/elastic_observabilidad_latam_tobeit_L.jpg\",\"width\":350,\"height\":307},{\"@type\":\"BreadcrumbList\",\"@id\":\"https:\/\/tobeit.es\/ca\/unifica-logs-metrics-i-traces-amb-elastic-observabilitat-completa-des-duna-unica-platforma\/#breadcrumb\",\"itemListElement\":[{\"@type\":\"ListItem\",\"position\":1,\"name\":\"Portada\",\"item\":\"https:\/\/tobeit.es\/\"},{\"@type\":\"ListItem\",\"position\":2,\"name\":\"Unifica logs, m\u00e8triques i traces amb Elastic: observabilitat completa des d\u2019una \u00fanica plataforma\"}]},{\"@type\":\"WebSite\",\"@id\":\"https:\/\/tobeit.es\/#website\",\"url\":\"https:\/\/tobeit.es\/\",\"name\":\"ToBeIT\",\"description\":\"Solucions, serveis i seguretat IT\",\"potentialAction\":[{\"@type\":\"SearchAction\",\"target\":{\"@type\":\"EntryPoint\",\"urlTemplate\":\"https:\/\/tobeit.es\/?s={search_term_string}\"},\"query-input\":{\"@type\":\"PropertyValueSpecification\",\"valueRequired\":true,\"valueName\":\"search_term_string\"}}],\"inLanguage\":\"ca\"},{\"@type\":\"Person\",\"@id\":\"https:\/\/tobeit.es\/#\/schema\/person\/ebe67ff529f28099ba368a41fc51a11e\",\"name\":\"dmtobeit\",\"image\":{\"@type\":\"ImageObject\",\"inLanguage\":\"ca\",\"@id\":\"https:\/\/tobeit.es\/#\/schema\/person\/image\/\",\"url\":\"https:\/\/secure.gravatar.com\/avatar\/8816b27e6a612705997d3f3b3903e8604f7d0b635ed817bda58eb1fc2ca747dd?s=96&d=mm&r=g\",\"contentUrl\":\"https:\/\/secure.gravatar.com\/avatar\/8816b27e6a612705997d3f3b3903e8604f7d0b635ed817bda58eb1fc2ca747dd?s=96&d=mm&r=g\",\"caption\":\"dmtobeit\"},\"url\":\"https:\/\/tobeit.es\/ca\/author\/dmtobeit\/\"}]}<\/script>\n<!-- \/ Yoast SEO plugin. -->","yoast_head_json":{"title":"Unifica logs, m\u00e8triques i traces amb Elastic: observabilitat completa des d\u2019una \u00fanica plataforma - ToBeIT","robots":{"index":"index","follow":"follow","max-snippet":"max-snippet:-1","max-image-preview":"max-image-preview:large","max-video-preview":"max-video-preview:-1"},"canonical":"https:\/\/tobeit.es\/ca\/unifica-logs-metrics-i-traces-amb-elastic-observabilitat-completa-des-duna-unica-platforma\/","og_locale":"ca_ES","og_type":"article","og_title":"Unifica logs, m\u00e8triques i traces amb Elastic: observabilitat completa des d\u2019una \u00fanica plataforma - ToBeIT","og_description":"La gesti\u00f3 dels sistemes IT moderns exigeix molt m\u00e9s que una monitoritzaci\u00f3 tradicional. Les arquitectures h\u00edbrides, els entorns distribu\u00efts i els desplegaments multicloud requereixen una visibilitat total i en temps real. En aquest context, Elastic es posiciona com una soluci\u00f3 d\u2019observabilitat avan\u00e7ada que permet unificar logs, m\u00e8triques i traces en una sola plataforma. &nbsp; &nbsp; [&hellip;]","og_url":"https:\/\/tobeit.es\/ca\/unifica-logs-metrics-i-traces-amb-elastic-observabilitat-completa-des-duna-unica-platforma\/","og_site_name":"ToBeIT","article_publisher":"https:\/\/www.facebook.com\/grupotobeit","article_published_time":"2025-05-12T11:07:28+00:00","og_image":[{"width":350,"height":307,"url":"https:\/\/tobeit.es\/wp-content\/uploads\/2025\/05\/elastic_observabilidad_latam_tobeit_L.jpg","type":"image\/jpeg"}],"author":"dmtobeit","twitter_card":"summary_large_image","twitter_misc":{"Escrit per":"dmtobeit","Temps estimat de lectura":"7 minuts"},"schema":{"@context":"https:\/\/schema.org","@graph":[{"@type":"WebPage","@id":"https:\/\/tobeit.es\/ca\/unifica-logs-metrics-i-traces-amb-elastic-observabilitat-completa-des-duna-unica-platforma\/","url":"https:\/\/tobeit.es\/ca\/unifica-logs-metrics-i-traces-amb-elastic-observabilitat-completa-des-duna-unica-platforma\/","name":"Unifica logs, m\u00e8triques i traces amb Elastic: observabilitat completa des d\u2019una \u00fanica plataforma - ToBeIT","isPartOf":{"@id":"https:\/\/tobeit.es\/#website"},"primaryImageOfPage":{"@id":"https:\/\/tobeit.es\/ca\/unifica-logs-metrics-i-traces-amb-elastic-observabilitat-completa-des-duna-unica-platforma\/#primaryimage"},"image":{"@id":"https:\/\/tobeit.es\/ca\/unifica-logs-metrics-i-traces-amb-elastic-observabilitat-completa-des-duna-unica-platforma\/#primaryimage"},"thumbnailUrl":"https:\/\/tobeit.es\/wp-content\/uploads\/2025\/05\/elastic_observabilidad_latam_tobeit_L.jpg","datePublished":"2025-05-12T11:07:28+00:00","author":{"@id":"https:\/\/tobeit.es\/#\/schema\/person\/ebe67ff529f28099ba368a41fc51a11e"},"breadcrumb":{"@id":"https:\/\/tobeit.es\/ca\/unifica-logs-metrics-i-traces-amb-elastic-observabilitat-completa-des-duna-unica-platforma\/#breadcrumb"},"inLanguage":"ca","potentialAction":[{"@type":"ReadAction","target":["https:\/\/tobeit.es\/ca\/unifica-logs-metrics-i-traces-amb-elastic-observabilitat-completa-des-duna-unica-platforma\/"]}]},{"@type":"ImageObject","inLanguage":"ca","@id":"https:\/\/tobeit.es\/ca\/unifica-logs-metrics-i-traces-amb-elastic-observabilitat-completa-des-duna-unica-platforma\/#primaryimage","url":"https:\/\/tobeit.es\/wp-content\/uploads\/2025\/05\/elastic_observabilidad_latam_tobeit_L.jpg","contentUrl":"https:\/\/tobeit.es\/wp-content\/uploads\/2025\/05\/elastic_observabilidad_latam_tobeit_L.jpg","width":350,"height":307},{"@type":"BreadcrumbList","@id":"https:\/\/tobeit.es\/ca\/unifica-logs-metrics-i-traces-amb-elastic-observabilitat-completa-des-duna-unica-platforma\/#breadcrumb","itemListElement":[{"@type":"ListItem","position":1,"name":"Portada","item":"https:\/\/tobeit.es\/"},{"@type":"ListItem","position":2,"name":"Unifica logs, m\u00e8triques i traces amb Elastic: observabilitat completa des d\u2019una \u00fanica plataforma"}]},{"@type":"WebSite","@id":"https:\/\/tobeit.es\/#website","url":"https:\/\/tobeit.es\/","name":"ToBeIT","description":"Solucions, serveis i seguretat IT","potentialAction":[{"@type":"SearchAction","target":{"@type":"EntryPoint","urlTemplate":"https:\/\/tobeit.es\/?s={search_term_string}"},"query-input":{"@type":"PropertyValueSpecification","valueRequired":true,"valueName":"search_term_string"}}],"inLanguage":"ca"},{"@type":"Person","@id":"https:\/\/tobeit.es\/#\/schema\/person\/ebe67ff529f28099ba368a41fc51a11e","name":"dmtobeit","image":{"@type":"ImageObject","inLanguage":"ca","@id":"https:\/\/tobeit.es\/#\/schema\/person\/image\/","url":"https:\/\/secure.gravatar.com\/avatar\/8816b27e6a612705997d3f3b3903e8604f7d0b635ed817bda58eb1fc2ca747dd?s=96&d=mm&r=g","contentUrl":"https:\/\/secure.gravatar.com\/avatar\/8816b27e6a612705997d3f3b3903e8604f7d0b635ed817bda58eb1fc2ca747dd?s=96&d=mm&r=g","caption":"dmtobeit"},"url":"https:\/\/tobeit.es\/ca\/author\/dmtobeit\/"}]}},"_links":{"self":[{"href":"https:\/\/tobeit.es\/ca\/wp-json\/wp\/v2\/posts\/7150","targetHints":{"allow":["GET"]}}],"collection":[{"href":"https:\/\/tobeit.es\/ca\/wp-json\/wp\/v2\/posts"}],"about":[{"href":"https:\/\/tobeit.es\/ca\/wp-json\/wp\/v2\/types\/post"}],"author":[{"embeddable":true,"href":"https:\/\/tobeit.es\/ca\/wp-json\/wp\/v2\/users\/1"}],"replies":[{"embeddable":true,"href":"https:\/\/tobeit.es\/ca\/wp-json\/wp\/v2\/comments?post=7150"}],"version-history":[{"count":5,"href":"https:\/\/tobeit.es\/ca\/wp-json\/wp\/v2\/posts\/7150\/revisions"}],"predecessor-version":[{"id":7195,"href":"https:\/\/tobeit.es\/ca\/wp-json\/wp\/v2\/posts\/7150\/revisions\/7195"}],"wp:featuredmedia":[{"embeddable":true,"href":"https:\/\/tobeit.es\/ca\/wp-json\/wp\/v2\/media\/7153"}],"wp:attachment":[{"href":"https:\/\/tobeit.es\/ca\/wp-json\/wp\/v2\/media?parent=7150"}],"wp:term":[{"taxonomy":"category","embeddable":true,"href":"https:\/\/tobeit.es\/ca\/wp-json\/wp\/v2\/categories?post=7150"},{"taxonomy":"post_tag","embeddable":true,"href":"https:\/\/tobeit.es\/ca\/wp-json\/wp\/v2\/tags?post=7150"}],"curies":[{"name":"wp","href":"https:\/\/api.w.org\/{rel}","templated":true}]}}