{"id":34590,"date":"2025-07-18T10:19:00","date_gmt":"2025-07-18T10:19:00","guid":{"rendered":"https:\/\/tobeit.es\/?p=34590"},"modified":"2025-11-18T10:26:05","modified_gmt":"2025-11-18T10:26:05","slug":"ley-general-de-discapacidad-en-empresas-tecnologicas-una-responsabilidad-ineludible","status":"publish","type":"post","link":"https:\/\/tobeit.es\/en\/ley-general-de-discapacidad-en-empresas-tecnologicas-una-responsabilidad-ineludible\/","title":{"rendered":"Ley General de Discapacidad en empresas tecnol\u00f3gicas: una responsabilidad ineludible"},"content":{"rendered":"<p class=\"qtranxs-available-languages-message qtranxs-available-languages-message-en\">Sorry, this entry is only available in <a href=\"https:\/\/tobeit.es\/es\/wp-json\/wp\/v2\/posts\/34590\" class=\"qtranxs-available-language-link qtranxs-available-language-link-es\" title=\"Espa\u00f1ol\">Espa\u00f1ol<\/a>. For the sake of viewer convenience, the content is shown below in the alternative language. You may click the link to switch the active language.<\/p><p><\/p>\n<p class=\"p1\">El <span class=\"s1\"><b>cumplimiento de la Ley General de Discapacidad<\/b><\/span> (LGD) no solo es una obligaci\u00f3n legal, sino tambi\u00e9n un paso necesario hacia una cultura empresarial m\u00e1s inclusiva. En el sector tecnol\u00f3gico, donde la innovaci\u00f3n y la transformaci\u00f3n digital son constantes, incorporar la diversidad y la inclusi\u00f3n se vuelve a\u00fan m\u00e1s relevante. Sin embargo, muchas <span class=\"s1\"><b>empresas tecnol\u00f3gicas<\/b><\/span> a\u00fan desconocen c\u00f3mo afecta esta ley a su operativa diaria o c\u00f3mo deben adaptarse para cumplirla correctamente.<\/p>\n<h3><b>\u00bfQu\u00e9 exige la LGD y a qui\u00e9n aplica?<\/b><\/h3>\n<p class=\"p1\">La LGD, tambi\u00e9n conocida anteriormente como LISMI, establece que todas las empresas p\u00fablicas y privadas en Espa\u00f1a con <span class=\"s1\"><b>m\u00e1s de 50 trabajadores<\/b><\/span> est\u00e1n obligadas a reservar <span class=\"s1\"><b>al menos un 2% de su plantilla<\/b><\/span> a personas con discapacidad reconocida igual o superior al 33%. Esta norma busca promover la integraci\u00f3n laboral efectiva y combatir la discriminaci\u00f3n.<\/p>\n<p class=\"p1\">Aunque se aplica de forma transversal a todos los sectores, en el entorno IT plantea particularidades: perfiles altamente especializados, competencia por el talento y estructuras organizativas muy orientadas a la productividad. Por ello, muchas compa\u00f1\u00edas optan por medidas alternativas de cumplimiento, reguladas legalmente, como pueden ser los contratos con <span class=\"s1\"><b>centros especiales de empleo<\/b><\/span> o donaciones a fundaciones acreditadas.<\/p>\n<p class=\"p1\">Si tu empresa no sabe por d\u00f3nde empezar, puedes consultar m\u00e1s informaci\u00f3n detallada sobre el <a href=\"http:\/\/lgd.es\">cumplimiento de la Ley General de Discapacidad<\/a>, donde encontrar\u00e1s asesoramiento profesional.<\/p>\n<h3><b>Desaf\u00edos del sector tecnol\u00f3gico frente a la LGD<\/b><\/h3>\n<p class=\"p1\">A pesar del alto nivel de digitalizaci\u00f3n, las empresas del sector tecnol\u00f3gico suelen encontrar ciertas barreras a la hora de cumplir con la LGD:<\/p>\n<ul>\n<li>\n<p class=\"p1\">Dificultad para encontrar candidatos con discapacidad con perfiles t\u00e9cnicos muy espec\u00edficos<\/p>\n<\/li>\n<li>\n<p class=\"p1\">Falta de adaptaci\u00f3n en los procesos de selecci\u00f3n y onboarding<\/p>\n<\/li>\n<li>\n<p class=\"p1\">Desconocimiento sobre qu\u00e9 medidas alternativas pueden aplicarse legalmente<\/p>\n<\/li>\n<li>\n<p class=\"p1\">Miedo a que el cumplimiento afecte a la productividad o a los ritmos de trabajo<\/p>\n<\/li>\n<\/ul>\n<p class=\"p1\">Sin embargo, cumplir con la LGD no solo es posible, sino que puede convertirse en una oportunidad para mejorar la cultura interna y atraer talento diverso, con nuevas perspectivas y habilidades.<\/p>\n<h3><b>\u00bfQu\u00e9 soluciones existen para el cumplimiento de la LGD en empresas tecnol\u00f3gicas?<\/b><\/h3>\n<p class=\"p1\">Hoy en d\u00eda, existen m\u00faltiples recursos para facilitar el cumplimiento de la LGD, incluso en empresas tecnol\u00f3gicas con estructuras complejas. Algunas buenas pr\u00e1cticas incluyen:<\/p>\n<ul>\n<li>\n<p class=\"p1\"><span class=\"s1\"><b>Revisar y adaptar procesos de selecci\u00f3n<\/b><\/span> para asegurar que son accesibles e inclusivos.<\/p>\n<\/li>\n<li>\n<p class=\"p1\"><span class=\"s1\"><b>Colaborar con entidades especializadas<\/b><\/span>, como consultoras en inclusi\u00f3n laboral o fundaciones, para acceder a bolsas de talento con discapacidad.<\/p>\n<\/li>\n<li>\n<p class=\"p1\"><span class=\"s1\"><b>Invertir en formaci\u00f3n de equipos de RRHH<\/b><\/span> en materia de diversidad y accesibilidad.<\/p>\n<\/li>\n<li>\n<p class=\"p1\">Aplicar alguna de las <span class=\"s1\"><b>medidas alternativas<\/b><\/span> reconocidas por la ley si no es viable alcanzar el 2% de forma directa.<\/p>\n<\/li>\n<\/ul>\n<p class=\"p1\">Para conocer c\u00f3mo implementar estas estrategias de forma segura y legal, puedes acceder a una gu\u00eda completa sobre el <a href=\"https:\/\/lgd.es\/\">cumplimiento de la Ley General de Discapacidad<\/a> en empresas tecnol\u00f3gicas y conocer las <a href=\"https:\/\/lgd.es\/medidas-alternativas\/\">medidas alternativas a la LGD<\/a>.<\/p>\n<h3><b>\u00bfQu\u00e9 pasa si una empresa no cumple con la LGD?<\/b><\/h3>\n<p class=\"p1\">La falta de cumplimiento puede conllevar consecuencias legales y econ\u00f3micas. La Inspecci\u00f3n de Trabajo tiene capacidad para imponer <span class=\"s1\"><b>sanciones que oscilan entre los 300 y los 6.000 euros por trabajador no contratado<\/b><\/span>, adem\u00e1s de bloquear a la empresa en procedimientos de contrataci\u00f3n p\u00fablica.<\/p>\n<p class=\"p1\">M\u00e1s all\u00e1 de las multas, no cumplir con la LGD puede afectar la <span class=\"s1\"><b>reputaci\u00f3n corporativa<\/b><\/span>, especialmente en sectores como el tecnol\u00f3gico, donde la imagen de marca empleadora (employer branding) es un activo estrat\u00e9gico. \u00bfQuieres saber las obligaciones de tu empresa? Desc\u00fabrelo con la ayuda de la <a href=\"https:\/\/lgd.es\/calculadora\/\">calculadora de LGD<\/a>.<\/p>\n<h3><b>Hacia una tecnolog\u00eda m\u00e1s inclusiva<\/b><\/h3>\n<p class=\"p1\">Cumplir con la LGD no debe verse como una carga o una obligaci\u00f3n m\u00e1s, sino como una oportunidad para construir entornos laborales m\u00e1s justos, sostenibles e innovadores. En la pr\u00e1ctica, las empresas que han apostado por pol\u00edticas activas de inclusi\u00f3n reconocen mejoras en el ambiente laboral, el compromiso del equipo y su percepci\u00f3n en el mercado.<\/p>\n<p class=\"p1\">Adem\u00e1s, muchas de las personas con discapacidad incorporadas a trav\u00e9s de estos programas han demostrado una alta cualificaci\u00f3n, capacidad de adaptaci\u00f3n y compromiso con la organizaci\u00f3n, aportando valor real y medible.<\/p>\n<p><\/p>","protected":false},"excerpt":{"rendered":"<p>Sorry, this entry is only available in Espa\u00f1ol. For the sake of viewer convenience, the content is shown below in the alternative language. You may click the link to switch the active language. El cumplimiento de la Ley General de Discapacidad (LGD) no solo es una obligaci\u00f3n legal, sino tambi\u00e9n un paso necesario hacia una [&hellip;]<\/p>\n","protected":false},"author":1,"featured_media":34591,"comment_status":"closed","ping_status":"closed","sticky":false,"template":"","format":"standard","meta":{"footnotes":""},"categories":[1],"tags":[],"class_list":["post-34590","post","type-post","status-publish","format-standard","has-post-thumbnail","hentry","category-sin-categoria"],"yoast_head":"<!-- This site is optimized with the Yoast SEO plugin v25.1 - https:\/\/yoast.com\/wordpress\/plugins\/seo\/ -->\n<title>Ley General de Discapacidad en empresas tecnol\u00f3gicas: una responsabilidad ineludible - ToBeIT<\/title>\n<meta name=\"robots\" content=\"index, follow, max-snippet:-1, max-image-preview:large, max-video-preview:-1\" \/>\n<link rel=\"canonical\" href=\"https:\/\/tobeit.es\/ley-general-de-discapacidad-en-empresas-tecnologicas-una-responsabilidad-ineludible\/\" \/>\n<meta property=\"og:locale\" content=\"en_US\" \/>\n<meta property=\"og:type\" content=\"article\" \/>\n<meta property=\"og:title\" content=\"Ley General de Discapacidad en empresas tecnol\u00f3gicas: una responsabilidad ineludible - ToBeIT\" \/>\n<meta property=\"og:description\" content=\"Sorry, this entry is only available in Espa\u00f1ol. For the sake of viewer convenience, the content is shown below in the alternative language. You may click the link to switch the active language. El cumplimiento de la Ley General de Discapacidad (LGD) no solo es una obligaci\u00f3n legal, sino tambi\u00e9n un paso necesario hacia una [&hellip;]\" \/>\n<meta property=\"og:url\" content=\"https:\/\/tobeit.es\/ley-general-de-discapacidad-en-empresas-tecnologicas-una-responsabilidad-ineludible\/\" \/>\n<meta property=\"og:site_name\" content=\"ToBeIT\" \/>\n<meta property=\"article:publisher\" content=\"https:\/\/www.facebook.com\/grupotobeit\" \/>\n<meta property=\"article:published_time\" content=\"2025-07-18T10:19:00+00:00\" \/>\n<meta property=\"article:modified_time\" content=\"2025-11-18T10:26:05+00:00\" \/>\n<meta property=\"og:image\" content=\"https:\/\/tobeit.es\/wp-content\/uploads\/2025\/11\/businesspeople-discussing-over-laptop-in-office-2025-10-28-21-51-37-utc-min-scaled.jpg\" \/>\n\t<meta property=\"og:image:width\" content=\"2560\" \/>\n\t<meta property=\"og:image:height\" content=\"1707\" \/>\n\t<meta property=\"og:image:type\" content=\"image\/jpeg\" \/>\n<meta name=\"author\" content=\"dmtobeit\" \/>\n<meta name=\"twitter:card\" content=\"summary_large_image\" \/>\n<meta name=\"twitter:label1\" content=\"Written by\" \/>\n\t<meta name=\"twitter:data1\" content=\"dmtobeit\" \/>\n\t<meta name=\"twitter:label2\" content=\"Est. reading time\" \/>\n\t<meta name=\"twitter:data2\" content=\"4 minutes\" \/>\n<script type=\"application\/ld+json\" class=\"yoast-schema-graph\">{\"@context\":\"https:\/\/schema.org\",\"@graph\":[{\"@type\":\"WebPage\",\"@id\":\"https:\/\/tobeit.es\/ley-general-de-discapacidad-en-empresas-tecnologicas-una-responsabilidad-ineludible\/\",\"url\":\"https:\/\/tobeit.es\/ley-general-de-discapacidad-en-empresas-tecnologicas-una-responsabilidad-ineludible\/\",\"name\":\"Ley General de Discapacidad en empresas tecnol\u00f3gicas: una responsabilidad ineludible - ToBeIT\",\"isPartOf\":{\"@id\":\"https:\/\/tobeit.es\/#website\"},\"primaryImageOfPage\":{\"@id\":\"https:\/\/tobeit.es\/ley-general-de-discapacidad-en-empresas-tecnologicas-una-responsabilidad-ineludible\/#primaryimage\"},\"image\":{\"@id\":\"https:\/\/tobeit.es\/ley-general-de-discapacidad-en-empresas-tecnologicas-una-responsabilidad-ineludible\/#primaryimage\"},\"thumbnailUrl\":\"https:\/\/tobeit.es\/wp-content\/uploads\/2025\/11\/businesspeople-discussing-over-laptop-in-office-2025-10-28-21-51-37-utc-min-scaled.jpg\",\"datePublished\":\"2025-07-18T10:19:00+00:00\",\"dateModified\":\"2025-11-18T10:26:05+00:00\",\"author\":{\"@id\":\"https:\/\/tobeit.es\/#\/schema\/person\/ebe67ff529f28099ba368a41fc51a11e\"},\"breadcrumb\":{\"@id\":\"https:\/\/tobeit.es\/ley-general-de-discapacidad-en-empresas-tecnologicas-una-responsabilidad-ineludible\/#breadcrumb\"},\"inLanguage\":\"en-US\",\"potentialAction\":[{\"@type\":\"ReadAction\",\"target\":[\"https:\/\/tobeit.es\/ley-general-de-discapacidad-en-empresas-tecnologicas-una-responsabilidad-ineludible\/\"]}]},{\"@type\":\"ImageObject\",\"inLanguage\":\"en-US\",\"@id\":\"https:\/\/tobeit.es\/ley-general-de-discapacidad-en-empresas-tecnologicas-una-responsabilidad-ineludible\/#primaryimage\",\"url\":\"https:\/\/tobeit.es\/wp-content\/uploads\/2025\/11\/businesspeople-discussing-over-laptop-in-office-2025-10-28-21-51-37-utc-min-scaled.jpg\",\"contentUrl\":\"https:\/\/tobeit.es\/wp-content\/uploads\/2025\/11\/businesspeople-discussing-over-laptop-in-office-2025-10-28-21-51-37-utc-min-scaled.jpg\",\"width\":2560,\"height\":1707},{\"@type\":\"BreadcrumbList\",\"@id\":\"https:\/\/tobeit.es\/ley-general-de-discapacidad-en-empresas-tecnologicas-una-responsabilidad-ineludible\/#breadcrumb\",\"itemListElement\":[{\"@type\":\"ListItem\",\"position\":1,\"name\":\"Portada\",\"item\":\"https:\/\/tobeit.es\/\"},{\"@type\":\"ListItem\",\"position\":2,\"name\":\"Ley General de Discapacidad en empresas tecnol\u00f3gicas: una responsabilidad ineludible\"}]},{\"@type\":\"WebSite\",\"@id\":\"https:\/\/tobeit.es\/#website\",\"url\":\"https:\/\/tobeit.es\/\",\"name\":\"ToBeIT\",\"description\":\"IT solutions, services and security\",\"potentialAction\":[{\"@type\":\"SearchAction\",\"target\":{\"@type\":\"EntryPoint\",\"urlTemplate\":\"https:\/\/tobeit.es\/?s={search_term_string}\"},\"query-input\":{\"@type\":\"PropertyValueSpecification\",\"valueRequired\":true,\"valueName\":\"search_term_string\"}}],\"inLanguage\":\"en-US\"},{\"@type\":\"Person\",\"@id\":\"https:\/\/tobeit.es\/#\/schema\/person\/ebe67ff529f28099ba368a41fc51a11e\",\"name\":\"dmtobeit\",\"image\":{\"@type\":\"ImageObject\",\"inLanguage\":\"en-US\",\"@id\":\"https:\/\/tobeit.es\/#\/schema\/person\/image\/\",\"url\":\"https:\/\/secure.gravatar.com\/avatar\/8816b27e6a612705997d3f3b3903e8604f7d0b635ed817bda58eb1fc2ca747dd?s=96&d=mm&r=g\",\"contentUrl\":\"https:\/\/secure.gravatar.com\/avatar\/8816b27e6a612705997d3f3b3903e8604f7d0b635ed817bda58eb1fc2ca747dd?s=96&d=mm&r=g\",\"caption\":\"dmtobeit\"},\"url\":\"https:\/\/tobeit.es\/en\/author\/dmtobeit\/\"}]}<\/script>\n<!-- \/ Yoast SEO plugin. -->","yoast_head_json":{"title":"Ley General de Discapacidad en empresas tecnol\u00f3gicas: una responsabilidad ineludible - ToBeIT","robots":{"index":"index","follow":"follow","max-snippet":"max-snippet:-1","max-image-preview":"max-image-preview:large","max-video-preview":"max-video-preview:-1"},"canonical":"https:\/\/tobeit.es\/ley-general-de-discapacidad-en-empresas-tecnologicas-una-responsabilidad-ineludible\/","og_locale":"en_US","og_type":"article","og_title":"Ley General de Discapacidad en empresas tecnol\u00f3gicas: una responsabilidad ineludible - ToBeIT","og_description":"Sorry, this entry is only available in Espa\u00f1ol. For the sake of viewer convenience, the content is shown below in the alternative language. You may click the link to switch the active language. El cumplimiento de la Ley General de Discapacidad (LGD) no solo es una obligaci\u00f3n legal, sino tambi\u00e9n un paso necesario hacia una [&hellip;]","og_url":"https:\/\/tobeit.es\/ley-general-de-discapacidad-en-empresas-tecnologicas-una-responsabilidad-ineludible\/","og_site_name":"ToBeIT","article_publisher":"https:\/\/www.facebook.com\/grupotobeit","article_published_time":"2025-07-18T10:19:00+00:00","article_modified_time":"2025-11-18T10:26:05+00:00","og_image":[{"width":2560,"height":1707,"url":"https:\/\/tobeit.es\/wp-content\/uploads\/2025\/11\/businesspeople-discussing-over-laptop-in-office-2025-10-28-21-51-37-utc-min-scaled.jpg","type":"image\/jpeg"}],"author":"dmtobeit","twitter_card":"summary_large_image","twitter_misc":{"Written by":"dmtobeit","Est. reading time":"4 minutes"},"schema":{"@context":"https:\/\/schema.org","@graph":[{"@type":"WebPage","@id":"https:\/\/tobeit.es\/ley-general-de-discapacidad-en-empresas-tecnologicas-una-responsabilidad-ineludible\/","url":"https:\/\/tobeit.es\/ley-general-de-discapacidad-en-empresas-tecnologicas-una-responsabilidad-ineludible\/","name":"Ley General de Discapacidad en empresas tecnol\u00f3gicas: una responsabilidad ineludible - ToBeIT","isPartOf":{"@id":"https:\/\/tobeit.es\/#website"},"primaryImageOfPage":{"@id":"https:\/\/tobeit.es\/ley-general-de-discapacidad-en-empresas-tecnologicas-una-responsabilidad-ineludible\/#primaryimage"},"image":{"@id":"https:\/\/tobeit.es\/ley-general-de-discapacidad-en-empresas-tecnologicas-una-responsabilidad-ineludible\/#primaryimage"},"thumbnailUrl":"https:\/\/tobeit.es\/wp-content\/uploads\/2025\/11\/businesspeople-discussing-over-laptop-in-office-2025-10-28-21-51-37-utc-min-scaled.jpg","datePublished":"2025-07-18T10:19:00+00:00","dateModified":"2025-11-18T10:26:05+00:00","author":{"@id":"https:\/\/tobeit.es\/#\/schema\/person\/ebe67ff529f28099ba368a41fc51a11e"},"breadcrumb":{"@id":"https:\/\/tobeit.es\/ley-general-de-discapacidad-en-empresas-tecnologicas-una-responsabilidad-ineludible\/#breadcrumb"},"inLanguage":"en-US","potentialAction":[{"@type":"ReadAction","target":["https:\/\/tobeit.es\/ley-general-de-discapacidad-en-empresas-tecnologicas-una-responsabilidad-ineludible\/"]}]},{"@type":"ImageObject","inLanguage":"en-US","@id":"https:\/\/tobeit.es\/ley-general-de-discapacidad-en-empresas-tecnologicas-una-responsabilidad-ineludible\/#primaryimage","url":"https:\/\/tobeit.es\/wp-content\/uploads\/2025\/11\/businesspeople-discussing-over-laptop-in-office-2025-10-28-21-51-37-utc-min-scaled.jpg","contentUrl":"https:\/\/tobeit.es\/wp-content\/uploads\/2025\/11\/businesspeople-discussing-over-laptop-in-office-2025-10-28-21-51-37-utc-min-scaled.jpg","width":2560,"height":1707},{"@type":"BreadcrumbList","@id":"https:\/\/tobeit.es\/ley-general-de-discapacidad-en-empresas-tecnologicas-una-responsabilidad-ineludible\/#breadcrumb","itemListElement":[{"@type":"ListItem","position":1,"name":"Portada","item":"https:\/\/tobeit.es\/"},{"@type":"ListItem","position":2,"name":"Ley General de Discapacidad en empresas tecnol\u00f3gicas: una responsabilidad ineludible"}]},{"@type":"WebSite","@id":"https:\/\/tobeit.es\/#website","url":"https:\/\/tobeit.es\/","name":"ToBeIT","description":"IT solutions, services and security","potentialAction":[{"@type":"SearchAction","target":{"@type":"EntryPoint","urlTemplate":"https:\/\/tobeit.es\/?s={search_term_string}"},"query-input":{"@type":"PropertyValueSpecification","valueRequired":true,"valueName":"search_term_string"}}],"inLanguage":"en-US"},{"@type":"Person","@id":"https:\/\/tobeit.es\/#\/schema\/person\/ebe67ff529f28099ba368a41fc51a11e","name":"dmtobeit","image":{"@type":"ImageObject","inLanguage":"en-US","@id":"https:\/\/tobeit.es\/#\/schema\/person\/image\/","url":"https:\/\/secure.gravatar.com\/avatar\/8816b27e6a612705997d3f3b3903e8604f7d0b635ed817bda58eb1fc2ca747dd?s=96&d=mm&r=g","contentUrl":"https:\/\/secure.gravatar.com\/avatar\/8816b27e6a612705997d3f3b3903e8604f7d0b635ed817bda58eb1fc2ca747dd?s=96&d=mm&r=g","caption":"dmtobeit"},"url":"https:\/\/tobeit.es\/en\/author\/dmtobeit\/"}]}},"_links":{"self":[{"href":"https:\/\/tobeit.es\/en\/wp-json\/wp\/v2\/posts\/34590","targetHints":{"allow":["GET"]}}],"collection":[{"href":"https:\/\/tobeit.es\/en\/wp-json\/wp\/v2\/posts"}],"about":[{"href":"https:\/\/tobeit.es\/en\/wp-json\/wp\/v2\/types\/post"}],"author":[{"embeddable":true,"href":"https:\/\/tobeit.es\/en\/wp-json\/wp\/v2\/users\/1"}],"replies":[{"embeddable":true,"href":"https:\/\/tobeit.es\/en\/wp-json\/wp\/v2\/comments?post=34590"}],"version-history":[{"count":2,"href":"https:\/\/tobeit.es\/en\/wp-json\/wp\/v2\/posts\/34590\/revisions"}],"predecessor-version":[{"id":34593,"href":"https:\/\/tobeit.es\/en\/wp-json\/wp\/v2\/posts\/34590\/revisions\/34593"}],"wp:featuredmedia":[{"embeddable":true,"href":"https:\/\/tobeit.es\/en\/wp-json\/wp\/v2\/media\/34591"}],"wp:attachment":[{"href":"https:\/\/tobeit.es\/en\/wp-json\/wp\/v2\/media?parent=34590"}],"wp:term":[{"taxonomy":"category","embeddable":true,"href":"https:\/\/tobeit.es\/en\/wp-json\/wp\/v2\/categories?post=34590"},{"taxonomy":"post_tag","embeddable":true,"href":"https:\/\/tobeit.es\/en\/wp-json\/wp\/v2\/tags?post=34590"}],"curies":[{"name":"wp","href":"https:\/\/api.w.org\/{rel}","templated":true}]}}