{"id":904,"date":"2017-03-29T06:13:03","date_gmt":"2017-03-29T06:13:03","guid":{"rendered":"http:\/\/tobeit.es\/?p=904"},"modified":"2021-07-05T13:53:46","modified_gmt":"2021-07-05T13:53:46","slug":"conoces-la-percepcion-real-tus-usuarios-las-aplicaciones","status":"publish","type":"post","link":"https:\/\/tobeit.es\/en\/evento-conoces-la-percepcion-real-de-tus-usuarios-sobre-las-aplicaciones\/","title":{"rendered":"\u00bfConoces la percepci\u00f3n real de tus usuarios sobre las aplicaciones?"},"content":{"rendered":"<p><\/p>\n<p style=\"text-align: justify;\">El pasado martes 28 de marzo celebramos en nuestras oficinas de Barcelona el encuentro \u201c\u00bfConoces la <strong>percepci\u00f3n real<\/strong> de tus usuarios sobre las aplicaciones?\u201d, en el que, en diversas ponencias, quer\u00edamos poner de manifiesto la necesidad de pasar de una monitorizaci\u00f3n tradicional (de activos IT) a un an\u00e1lisis continuado de la percepci\u00f3n de los usuarios y su experiencia con las aplicaciones. El evento fue todo un \u00e9xito por la alta asistencia y la calidad de los participantes.<\/p>\n<p style=\"text-align: justify;\">Contamos con la presencia de David Espinosa (CTO de Marmedsa), que comparti\u00f3 con todos los asistentes su problem\u00e1tica concreta en el \u00e1mbito de la experiencia de los usuarios, y c\u00f3mo la soluci\u00f3n de <strong>ToBeIT<\/strong> ayud\u00f3 a solventar algunos de los incidentes enquistados que ten\u00edan.<\/p>\n<p style=\"text-align: justify;\">A continuaci\u00f3n, Miguel Angel Orellana (Jefe de Tecnolog\u00edas de la Informaci\u00f3n de Hospital Cl\u00ednic), explic\u00f3 c\u00f3mo abordar cambios en el desarrollo y la infraestructura minimizando el impacto a los usuarios gracias al uso distintas soluciones y servicios ofrecidos por <strong>ToBeIT<\/strong>.<\/p>\n<p style=\"text-align: justify;\">Por \u00faltimo, Toni Collado (Responsable de \u00c1rea digital USI de Grupo Planeta) nos expuso como est\u00e1n abordando la transformaci\u00f3n digital de la compa\u00f1\u00eda, apoy\u00e1ndose en externalizaci\u00f3n de servicios e incorporando medidas de la percepci\u00f3n de los usuarios durante el proceso.<\/p>\n<p style=\"text-align: justify;\">El acto finaliz\u00f3 con la entrega de un iPhone 7 y una comida posterior.<\/p>\n<p style=\"text-align: justify;\">Desde todo el equipo de <strong>ToBeIT<\/strong>, queremos dar las gracias a todos los asistentes esperando que haya sido de su inter\u00e9s.<\/p>\n<p style=\"text-align: justify;\"><img loading=\"lazy\" decoding=\"async\" class=\"size-medium wp-image-914 alignleft\" src=\"https:\/\/tobeit.es\/wp-content\/uploads\/2017\/03\/IMG_3977-300x200.jpg\" alt=\"img_3977\" width=\"300\" height=\"200\" srcset=\"https:\/\/tobeit.es\/wp-content\/uploads\/2017\/03\/IMG_3977-300x200.jpg 300w, https:\/\/tobeit.es\/wp-content\/uploads\/2017\/03\/IMG_3977-768x512.jpg 768w, https:\/\/tobeit.es\/wp-content\/uploads\/2017\/03\/IMG_3977-1024x683.jpg 1024w\" sizes=\"auto, (max-width: 300px) 100vw, 300px\" \/><\/p>\n<p><img loading=\"lazy\" decoding=\"async\" class=\"size-medium wp-image-910 alignright\" src=\"https:\/\/tobeit.es\/wp-content\/uploads\/2017\/03\/IMG_3968-300x200.jpg\" alt=\"img_3968\" width=\"300\" height=\"200\" srcset=\"https:\/\/tobeit.es\/wp-content\/uploads\/2017\/03\/IMG_3968-300x200.jpg 300w, https:\/\/tobeit.es\/wp-content\/uploads\/2017\/03\/IMG_3968-768x512.jpg 768w, https:\/\/tobeit.es\/wp-content\/uploads\/2017\/03\/IMG_3968-1024x683.jpg 1024w\" sizes=\"auto, (max-width: 300px) 100vw, 300px\" \/><\/p>","protected":false},"excerpt":{"rendered":"<p>El pasado martes 28 de marzo celebramos en nuestras oficinas de Barcelona el encuentro \u201c\u00bfConoces la percepci\u00f3n real de tus usuarios sobre las aplicaciones?\u201d, en el que, en diversas ponencias, quer\u00edamos poner de manifiesto la necesidad de pasar de una monitorizaci\u00f3n tradicional (de activos IT) a un an\u00e1lisis continuado de la percepci\u00f3n de los usuarios [&hellip;]<\/p>\n","protected":false},"author":1,"featured_media":905,"comment_status":"open","ping_status":"open","sticky":false,"template":"","format":"standard","meta":{"footnotes":""},"categories":[1],"tags":[],"class_list":["post-904","post","type-post","status-publish","format-standard","has-post-thumbnail","hentry","category-sin-categoria"],"yoast_head":"<!-- This site is optimized with the Yoast SEO plugin v25.1 - https:\/\/yoast.com\/wordpress\/plugins\/seo\/ -->\n<title>Do you know the real perception of your users about the applications?<\/title>\n<meta name=\"description\" content=\"At this event we had the opportunity to present, through real success stories, the importance of measuring application performance.\" \/>\n<meta name=\"robots\" content=\"index, follow, max-snippet:-1, max-image-preview:large, max-video-preview:-1\" \/>\n<link rel=\"canonical\" href=\"https:\/\/tobeit.es\/en\/evento-conoces-la-percepcion-real-de-tus-usuarios-sobre-las-aplicaciones\/\" \/>\n<meta property=\"og:locale\" content=\"en_US\" \/>\n<meta property=\"og:type\" content=\"article\" \/>\n<meta property=\"og:title\" content=\"Do you know the real perception of your users about the applications?\" \/>\n<meta property=\"og:description\" content=\"At this event we had the opportunity to present, through real success stories, the importance of measuring application performance.\" \/>\n<meta property=\"og:url\" content=\"https:\/\/tobeit.es\/en\/evento-conoces-la-percepcion-real-de-tus-usuarios-sobre-las-aplicaciones\/\" \/>\n<meta property=\"og:site_name\" content=\"ToBeIT\" \/>\n<meta property=\"article:publisher\" content=\"https:\/\/www.facebook.com\/grupotobeit\" \/>\n<meta property=\"article:published_time\" content=\"2017-03-29T06:13:03+00:00\" \/>\n<meta property=\"article:modified_time\" content=\"2021-07-05T13:53:46+00:00\" \/>\n<meta property=\"og:image\" content=\"https:\/\/tobeit.es\/wp-content\/uploads\/2017\/03\/Agenda-evento-28-Marzo-2017.png\" \/>\n\t<meta property=\"og:image:width\" content=\"1240\" \/>\n\t<meta property=\"og:image:height\" content=\"1754\" \/>\n\t<meta property=\"og:image:type\" content=\"image\/png\" \/>\n<meta name=\"author\" content=\"dmtobeit\" \/>\n<meta name=\"twitter:card\" content=\"summary_large_image\" \/>\n<meta name=\"twitter:label1\" content=\"Written by\" \/>\n\t<meta name=\"twitter:data1\" content=\"dmtobeit\" \/>\n\t<meta name=\"twitter:label2\" content=\"Est. reading time\" \/>\n\t<meta name=\"twitter:data2\" content=\"4 minutes\" \/>\n<script type=\"application\/ld+json\" class=\"yoast-schema-graph\">{\"@context\":\"https:\/\/schema.org\",\"@graph\":[{\"@type\":\"WebPage\",\"@id\":\"https:\/\/tobeit.es\/en\/evento-conoces-la-percepcion-real-de-tus-usuarios-sobre-las-aplicaciones\/\",\"url\":\"https:\/\/tobeit.es\/en\/evento-conoces-la-percepcion-real-de-tus-usuarios-sobre-las-aplicaciones\/\",\"name\":\"Do you know the real perception of your users about the applications?\",\"isPartOf\":{\"@id\":\"https:\/\/tobeit.es\/#website\"},\"primaryImageOfPage\":{\"@id\":\"https:\/\/tobeit.es\/en\/evento-conoces-la-percepcion-real-de-tus-usuarios-sobre-las-aplicaciones\/#primaryimage\"},\"image\":{\"@id\":\"https:\/\/tobeit.es\/en\/evento-conoces-la-percepcion-real-de-tus-usuarios-sobre-las-aplicaciones\/#primaryimage\"},\"thumbnailUrl\":\"https:\/\/tobeit.es\/wp-content\/uploads\/2017\/03\/Agenda-evento-28-Marzo-2017.png\",\"datePublished\":\"2017-03-29T06:13:03+00:00\",\"dateModified\":\"2021-07-05T13:53:46+00:00\",\"author\":{\"@id\":\"https:\/\/tobeit.es\/#\/schema\/person\/ebe67ff529f28099ba368a41fc51a11e\"},\"description\":\"At this event we had the opportunity to present, through real success stories, the importance of measuring application performance.\",\"breadcrumb\":{\"@id\":\"https:\/\/tobeit.es\/en\/evento-conoces-la-percepcion-real-de-tus-usuarios-sobre-las-aplicaciones\/#breadcrumb\"},\"inLanguage\":\"en-US\",\"potentialAction\":[{\"@type\":\"ReadAction\",\"target\":[\"https:\/\/tobeit.es\/en\/evento-conoces-la-percepcion-real-de-tus-usuarios-sobre-las-aplicaciones\/\"]}]},{\"@type\":\"ImageObject\",\"inLanguage\":\"en-US\",\"@id\":\"https:\/\/tobeit.es\/en\/evento-conoces-la-percepcion-real-de-tus-usuarios-sobre-las-aplicaciones\/#primaryimage\",\"url\":\"https:\/\/tobeit.es\/wp-content\/uploads\/2017\/03\/Agenda-evento-28-Marzo-2017.png\",\"contentUrl\":\"https:\/\/tobeit.es\/wp-content\/uploads\/2017\/03\/Agenda-evento-28-Marzo-2017.png\",\"width\":1240,\"height\":1754},{\"@type\":\"BreadcrumbList\",\"@id\":\"https:\/\/tobeit.es\/en\/evento-conoces-la-percepcion-real-de-tus-usuarios-sobre-las-aplicaciones\/#breadcrumb\",\"itemListElement\":[{\"@type\":\"ListItem\",\"position\":1,\"name\":\"Portada\",\"item\":\"https:\/\/tobeit.es\/\"},{\"@type\":\"ListItem\",\"position\":2,\"name\":\"\u00bfConoces la percepci\u00f3n real de tus usuarios sobre las aplicaciones?\"}]},{\"@type\":\"WebSite\",\"@id\":\"https:\/\/tobeit.es\/#website\",\"url\":\"https:\/\/tobeit.es\/\",\"name\":\"ToBeIT\",\"description\":\"IT solutions, services and security\",\"potentialAction\":[{\"@type\":\"SearchAction\",\"target\":{\"@type\":\"EntryPoint\",\"urlTemplate\":\"https:\/\/tobeit.es\/?s={search_term_string}\"},\"query-input\":{\"@type\":\"PropertyValueSpecification\",\"valueRequired\":true,\"valueName\":\"search_term_string\"}}],\"inLanguage\":\"en-US\"},{\"@type\":\"Person\",\"@id\":\"https:\/\/tobeit.es\/#\/schema\/person\/ebe67ff529f28099ba368a41fc51a11e\",\"name\":\"dmtobeit\",\"image\":{\"@type\":\"ImageObject\",\"inLanguage\":\"en-US\",\"@id\":\"https:\/\/tobeit.es\/#\/schema\/person\/image\/\",\"url\":\"https:\/\/secure.gravatar.com\/avatar\/8816b27e6a612705997d3f3b3903e8604f7d0b635ed817bda58eb1fc2ca747dd?s=96&d=mm&r=g\",\"contentUrl\":\"https:\/\/secure.gravatar.com\/avatar\/8816b27e6a612705997d3f3b3903e8604f7d0b635ed817bda58eb1fc2ca747dd?s=96&d=mm&r=g\",\"caption\":\"dmtobeit\"},\"url\":\"https:\/\/tobeit.es\/en\/author\/dmtobeit\/\"}]}<\/script>\n<!-- \/ Yoast SEO plugin. -->","yoast_head_json":{"title":"Do you know the real perception of your users about the applications?","description":"At this event we had the opportunity to present, through real success stories, the importance of measuring application performance.","robots":{"index":"index","follow":"follow","max-snippet":"max-snippet:-1","max-image-preview":"max-image-preview:large","max-video-preview":"max-video-preview:-1"},"canonical":"https:\/\/tobeit.es\/en\/evento-conoces-la-percepcion-real-de-tus-usuarios-sobre-las-aplicaciones\/","og_locale":"en_US","og_type":"article","og_title":"Do you know the real perception of your users about the applications?","og_description":"At this event we had the opportunity to present, through real success stories, the importance of measuring application performance.","og_url":"https:\/\/tobeit.es\/en\/evento-conoces-la-percepcion-real-de-tus-usuarios-sobre-las-aplicaciones\/","og_site_name":"ToBeIT","article_publisher":"https:\/\/www.facebook.com\/grupotobeit","article_published_time":"2017-03-29T06:13:03+00:00","article_modified_time":"2021-07-05T13:53:46+00:00","og_image":[{"width":1240,"height":1754,"url":"https:\/\/tobeit.es\/wp-content\/uploads\/2017\/03\/Agenda-evento-28-Marzo-2017.png","type":"image\/png"}],"author":"dmtobeit","twitter_card":"summary_large_image","twitter_misc":{"Written by":"dmtobeit","Est. reading time":"4 minutes"},"schema":{"@context":"https:\/\/schema.org","@graph":[{"@type":"WebPage","@id":"https:\/\/tobeit.es\/en\/evento-conoces-la-percepcion-real-de-tus-usuarios-sobre-las-aplicaciones\/","url":"https:\/\/tobeit.es\/en\/evento-conoces-la-percepcion-real-de-tus-usuarios-sobre-las-aplicaciones\/","name":"Do you know the real perception of your users about the applications?","isPartOf":{"@id":"https:\/\/tobeit.es\/#website"},"primaryImageOfPage":{"@id":"https:\/\/tobeit.es\/en\/evento-conoces-la-percepcion-real-de-tus-usuarios-sobre-las-aplicaciones\/#primaryimage"},"image":{"@id":"https:\/\/tobeit.es\/en\/evento-conoces-la-percepcion-real-de-tus-usuarios-sobre-las-aplicaciones\/#primaryimage"},"thumbnailUrl":"https:\/\/tobeit.es\/wp-content\/uploads\/2017\/03\/Agenda-evento-28-Marzo-2017.png","datePublished":"2017-03-29T06:13:03+00:00","dateModified":"2021-07-05T13:53:46+00:00","author":{"@id":"https:\/\/tobeit.es\/#\/schema\/person\/ebe67ff529f28099ba368a41fc51a11e"},"description":"At this event we had the opportunity to present, through real success stories, the importance of measuring application performance.","breadcrumb":{"@id":"https:\/\/tobeit.es\/en\/evento-conoces-la-percepcion-real-de-tus-usuarios-sobre-las-aplicaciones\/#breadcrumb"},"inLanguage":"en-US","potentialAction":[{"@type":"ReadAction","target":["https:\/\/tobeit.es\/en\/evento-conoces-la-percepcion-real-de-tus-usuarios-sobre-las-aplicaciones\/"]}]},{"@type":"ImageObject","inLanguage":"en-US","@id":"https:\/\/tobeit.es\/en\/evento-conoces-la-percepcion-real-de-tus-usuarios-sobre-las-aplicaciones\/#primaryimage","url":"https:\/\/tobeit.es\/wp-content\/uploads\/2017\/03\/Agenda-evento-28-Marzo-2017.png","contentUrl":"https:\/\/tobeit.es\/wp-content\/uploads\/2017\/03\/Agenda-evento-28-Marzo-2017.png","width":1240,"height":1754},{"@type":"BreadcrumbList","@id":"https:\/\/tobeit.es\/en\/evento-conoces-la-percepcion-real-de-tus-usuarios-sobre-las-aplicaciones\/#breadcrumb","itemListElement":[{"@type":"ListItem","position":1,"name":"Portada","item":"https:\/\/tobeit.es\/"},{"@type":"ListItem","position":2,"name":"\u00bfConoces la percepci\u00f3n real de tus usuarios sobre las aplicaciones?"}]},{"@type":"WebSite","@id":"https:\/\/tobeit.es\/#website","url":"https:\/\/tobeit.es\/","name":"ToBeIT","description":"IT solutions, services and security","potentialAction":[{"@type":"SearchAction","target":{"@type":"EntryPoint","urlTemplate":"https:\/\/tobeit.es\/?s={search_term_string}"},"query-input":{"@type":"PropertyValueSpecification","valueRequired":true,"valueName":"search_term_string"}}],"inLanguage":"en-US"},{"@type":"Person","@id":"https:\/\/tobeit.es\/#\/schema\/person\/ebe67ff529f28099ba368a41fc51a11e","name":"dmtobeit","image":{"@type":"ImageObject","inLanguage":"en-US","@id":"https:\/\/tobeit.es\/#\/schema\/person\/image\/","url":"https:\/\/secure.gravatar.com\/avatar\/8816b27e6a612705997d3f3b3903e8604f7d0b635ed817bda58eb1fc2ca747dd?s=96&d=mm&r=g","contentUrl":"https:\/\/secure.gravatar.com\/avatar\/8816b27e6a612705997d3f3b3903e8604f7d0b635ed817bda58eb1fc2ca747dd?s=96&d=mm&r=g","caption":"dmtobeit"},"url":"https:\/\/tobeit.es\/en\/author\/dmtobeit\/"}]}},"_links":{"self":[{"href":"https:\/\/tobeit.es\/en\/wp-json\/wp\/v2\/posts\/904","targetHints":{"allow":["GET"]}}],"collection":[{"href":"https:\/\/tobeit.es\/en\/wp-json\/wp\/v2\/posts"}],"about":[{"href":"https:\/\/tobeit.es\/en\/wp-json\/wp\/v2\/types\/post"}],"author":[{"embeddable":true,"href":"https:\/\/tobeit.es\/en\/wp-json\/wp\/v2\/users\/1"}],"replies":[{"embeddable":true,"href":"https:\/\/tobeit.es\/en\/wp-json\/wp\/v2\/comments?post=904"}],"version-history":[{"count":11,"href":"https:\/\/tobeit.es\/en\/wp-json\/wp\/v2\/posts\/904\/revisions"}],"predecessor-version":[{"id":2392,"href":"https:\/\/tobeit.es\/en\/wp-json\/wp\/v2\/posts\/904\/revisions\/2392"}],"wp:featuredmedia":[{"embeddable":true,"href":"https:\/\/tobeit.es\/en\/wp-json\/wp\/v2\/media\/905"}],"wp:attachment":[{"href":"https:\/\/tobeit.es\/en\/wp-json\/wp\/v2\/media?parent=904"}],"wp:term":[{"taxonomy":"category","embeddable":true,"href":"https:\/\/tobeit.es\/en\/wp-json\/wp\/v2\/categories?post=904"},{"taxonomy":"post_tag","embeddable":true,"href":"https:\/\/tobeit.es\/en\/wp-json\/wp\/v2\/tags?post=904"}],"curies":[{"name":"wp","href":"https:\/\/api.w.org\/{rel}","templated":true}]}}